{"id":1150,"date":"2024-06-07T12:25:21","date_gmt":"2024-06-07T17:25:21","guid":{"rendered":"https:\/?p=1150"},"modified":"2024-06-07T12:31:43","modified_gmt":"2024-06-07T17:31:43","slug":"barranquilla-sera-sede-del-zonal-clasificatorio-sub-13-femenino","status":"publish","type":"post","link":"https:\/\/ligadefutboldelatlantico.com\/index.php\/2024\/06\/07\/barranquilla-sera-sede-del-zonal-clasificatorio-sub-13-femenino\/","title":{"rendered":"Barranquilla ser\u00e1 sede del zonal clasificatorio Sub 13 Femenino"},"content":{"rendered":"\n<p>La Liga de F\u00fatbol del Atl\u00e1ntico y su Comit\u00e9 Ejecutivo, se complacen en anunciar que el departamento fue elegido como sede del la primera fase del Torneo Nacional Sub 13 Femenino. &#8216;La Arenosa&#8217;, albergar\u00e1 la competencia 4 Selecciones, que llegar\u00e1n a luchar por un cupo a la fase final. <\/p>\n\n\n\n<p>La competencia se llevar\u00e1 a cabo del <strong>8 al 10 de Junio <\/strong>en el <strong>Estadio Moderno Julio Torres de la capital atlanticense<\/strong>. Atl\u00e1ntico se encuentra ubicado en el grupo 4 junto a <strong>Valle, Norte de Santander y Bolivar.<\/strong><\/p>\n\n\n\n<p>La Selecci\u00f3n Atl\u00e1ntico Sub 13 Femenina, dir\u00e1 &#8220;presente&#8221; en casa y durante la competencia nacional estar\u00e1 bajo la direcci\u00f3n t\u00e9cnica del entrenador <strong>Victor Barraza<\/strong>; y luego de un proceso de convocatoria abierta, selecci\u00f3n de jugadoras, preparaci\u00f3n intensiva y actualmente concentraci\u00f3n, el equipo se encuentra listo para su debut.<\/p>\n\n\n\n<p>El equipo \u2018Rojiblanco\u2019, tendr\u00e1 su primer compromiso ante Norte de Santander, el pr\u00f3ximo s\u00e1bado 8 de Junio, a las 3:30 p.m. Luego de este se enfrentar\u00e1 a Bol\u00edvar y Valle; en este mismo orden.<\/p>\n\n\n\n<p><\/p>\n","protected":false},"excerpt":{"rendered":"<p>La Liga de F\u00fatbol del Atl\u00e1ntico y su Comit\u00e9 Ejecutivo, se complacen en anunciar que el departamento fue elegido como sede del la primera fase del Torneo Nacional Sub 13 Femenino. &#8216;La Arenosa&#8217;, albergar\u00e1 la competencia 4 Selecciones, que llegar\u00e1n a luchar por un cupo a la fase final. La competencia se llevar\u00e1 a cabo [&hellip;]<\/p>\n","protected":false},"author":4,"featured_media":1151,"comment_status":"open","ping_status":"open","sticky":false,"template":"","format":"standard","meta":{"footnotes":""},"categories":[23],"tags":[],"class_list":["post-1150","post","type-post","status-publish","format-standard","has-post-thumbnail","hentry","category-noticias"],"_links":{"self":[{"href":"https:\/\/ligadefutboldelatlantico.com\/index.php\/wp-json\/wp\/v2\/posts\/1150","targetHints":{"allow":["GET"]}}],"collection":[{"href":"https:\/\/ligadefutboldelatlantico.com\/index.php\/wp-json\/wp\/v2\/posts"}],"about":[{"href":"https:\/\/ligadefutboldelatlantico.com\/index.php\/wp-json\/wp\/v2\/types\/post"}],"author":[{"embeddable":true,"href":"https:\/\/ligadefutboldelatlantico.com\/index.php\/wp-json\/wp\/v2\/users\/4"}],"replies":[{"embeddable":true,"href":"https:\/\/ligadefutboldelatlantico.com\/index.php\/wp-json\/wp\/v2\/comments?post=1150"}],"version-history":[{"count":2,"href":"https:\/\/ligadefutboldelatlantico.com\/index.php\/wp-json\/wp\/v2\/posts\/1150\/revisions"}],"predecessor-version":[{"id":1154,"href":"https:\/\/ligadefutboldelatlantico.com\/index.php\/wp-json\/wp\/v2\/posts\/1150\/revisions\/1154"}],"wp:featuredmedia":[{"embeddable":true,"href":"https:\/\/ligadefutboldelatlantico.com\/index.php\/wp-json\/wp\/v2\/media\/1151"}],"wp:attachment":[{"href":"https:\/\/ligadefutboldelatlantico.com\/index.php\/wp-json\/wp\/v2\/media?parent=1150"}],"wp:term":[{"taxonomy":"category","embeddable":true,"href":"https:\/\/ligadefutboldelatlantico.com\/index.php\/wp-json\/wp\/v2\/categories?post=1150"},{"taxonomy":"post_tag","embeddable":true,"href":"https:\/\/ligadefutboldelatlantico.com\/index.php\/wp-json\/wp\/v2\/tags?post=1150"}],"curies":[{"name":"wp","href":"https:\/\/api.w.org\/{rel}","templated":true}]}}