{"id":1364,"date":"2024-06-26T12:01:19","date_gmt":"2024-06-26T17:01:19","guid":{"rendered":"https:\/?p=1364"},"modified":"2024-06-26T12:01:19","modified_gmt":"2024-06-26T17:01:19","slug":"dayana-acosta-y-yuri-sanchez-convocadas-a-seleccion-futbol-playa-femenina","status":"publish","type":"post","link":"https:\/\/ligadefutboldelatlantico.com\/index.php\/2024\/06\/26\/dayana-acosta-y-yuri-sanchez-convocadas-a-seleccion-futbol-playa-femenina\/","title":{"rendered":"Dayana Acosta y Yuri S\u00e1nchez convocadas a Selecci\u00f3n F\u00fatbol Playa Femenina"},"content":{"rendered":"\n<p>\u00a1Orgullo atlanticense! La Liga de F\u00fatbol del Atl\u00e1ntico, recibi\u00f3 la resoluci\u00f3n oficial de la Federaci\u00f3n Colombiana de F\u00fatbol en la que se anuncia el llamado que recibieron las jugadoras <strong>Dayana Acosta <\/strong>del club Expreso Colombia Caribe y <strong>Yuri S\u00e1nchez<\/strong> del Club Femenino KP, para integrar el grupo nacional 2024, en su primer ciclo de preparaci\u00f3n.<\/p>\n\n\n\n<p>Acosta y S\u00e1nchez, hacen parte del proceso de <strong>Selecci\u00f3n Atl\u00e1ntico<\/strong> que actualmente est\u00e1 participando en la fase final del Torneo Nacional, que se juega en Barranquilla. Ambas con grandes presentaciones y actuaciones destacadas hoy dan un gran salto en su carrera que abre la posibilidad de portar la gloriosa camiseta nacional y <strong>representar a nuestro pa\u00eds<\/strong>.<\/p>\n\n\n\n<p>La convocatoria es para cumplir el primer ciclo de preparaci\u00f3n, camino al <strong>Sudamericano Conmebol de F\u00fatbol Playa Femenino 2024<\/strong>, con miras a esta preparaci\u00f3n, las jugadoras se concentrar\u00e1n con todo el equipo del 28 de junior al 06 de julio en la capital del <strong>departamento de Atl\u00e1ntico. <\/strong><\/p>\n\n\n\n<p>Tras recibir esta gran noticia, la Liga de F\u00fatbol y su presidente Francisco S\u00e1nchez, felicitan a las talentosas jugadores y desean muchos \u00e9xitos de buen f\u00fatbol en esta gran experiencia que vivir\u00e1n. <\/p>\n","protected":false},"excerpt":{"rendered":"<p>\u00a1Orgullo atlanticense! La Liga de F\u00fatbol del Atl\u00e1ntico, recibi\u00f3 la resoluci\u00f3n oficial de la Federaci\u00f3n Colombiana de F\u00fatbol en la que se anuncia el llamado que recibieron las jugadoras Dayana Acosta del club Expreso Colombia Caribe y Yuri S\u00e1nchez del Club Femenino KP, para integrar el grupo nacional 2024, en su primer ciclo de preparaci\u00f3n. [&hellip;]<\/p>\n","protected":false},"author":4,"featured_media":1370,"comment_status":"open","ping_status":"open","sticky":false,"template":"","format":"standard","meta":{"footnotes":""},"categories":[23],"tags":[],"class_list":["post-1364","post","type-post","status-publish","format-standard","has-post-thumbnail","hentry","category-noticias"],"_links":{"self":[{"href":"https:\/\/ligadefutboldelatlantico.com\/index.php\/wp-json\/wp\/v2\/posts\/1364","targetHints":{"allow":["GET"]}}],"collection":[{"href":"https:\/\/ligadefutboldelatlantico.com\/index.php\/wp-json\/wp\/v2\/posts"}],"about":[{"href":"https:\/\/ligadefutboldelatlantico.com\/index.php\/wp-json\/wp\/v2\/types\/post"}],"author":[{"embeddable":true,"href":"https:\/\/ligadefutboldelatlantico.com\/index.php\/wp-json\/wp\/v2\/users\/4"}],"replies":[{"embeddable":true,"href":"https:\/\/ligadefutboldelatlantico.com\/index.php\/wp-json\/wp\/v2\/comments?post=1364"}],"version-history":[{"count":2,"href":"https:\/\/ligadefutboldelatlantico.com\/index.php\/wp-json\/wp\/v2\/posts\/1364\/revisions"}],"predecessor-version":[{"id":1372,"href":"https:\/\/ligadefutboldelatlantico.com\/index.php\/wp-json\/wp\/v2\/posts\/1364\/revisions\/1372"}],"wp:featuredmedia":[{"embeddable":true,"href":"https:\/\/ligadefutboldelatlantico.com\/index.php\/wp-json\/wp\/v2\/media\/1370"}],"wp:attachment":[{"href":"https:\/\/ligadefutboldelatlantico.com\/index.php\/wp-json\/wp\/v2\/media?parent=1364"}],"wp:term":[{"taxonomy":"category","embeddable":true,"href":"https:\/\/ligadefutboldelatlantico.com\/index.php\/wp-json\/wp\/v2\/categories?post=1364"},{"taxonomy":"post_tag","embeddable":true,"href":"https:\/\/ligadefutboldelatlantico.com\/index.php\/wp-json\/wp\/v2\/tags?post=1364"}],"curies":[{"name":"wp","href":"https:\/\/api.w.org\/{rel}","templated":true}]}}