{"id":1412,"date":"2024-07-02T11:33:20","date_gmt":"2024-07-02T16:33:20","guid":{"rendered":"https:\/?p=1412"},"modified":"2024-07-02T11:33:54","modified_gmt":"2024-07-02T16:33:54","slug":"atlantico-subcampeon-del-torneo-nacional-sub-19","status":"publish","type":"post","link":"https:\/\/ligadefutboldelatlantico.com\/index.php\/2024\/07\/02\/atlantico-subcampeon-del-torneo-nacional-sub-19\/","title":{"rendered":"Atl\u00e1ntico Subcampe\u00f3n del Torneo Nacional Sub 19"},"content":{"rendered":"\n<p>\u00a1Orgullo de nuestro departamento! Para el <strong>Atl\u00e1ntico<\/strong>, es una gran felicidad seguir luchando finales en Colombia, debido a que se reconoce todo el esfuerzo y entrega que requiere superar cada una de las  fases en las que se dividen las competencias en sus diferentes categor\u00edas.<\/p>\n\n\n\n<p>Esta vez, el turno fue para nuestra Selecci\u00f3n Sub 19, que estuvo bajo la direcci\u00f3n t\u00e9cnica del entrenador <strong>Erick Guerrero<\/strong> y la asistencia de <strong>Aldair Bola\u00f1os<\/strong>, adem\u00e1s de la compa\u00f1\u00eda de un gran cuerpo t\u00e9cnico y de jugadores; quienes llevaron, con todo su esfuerzo y talento, al equipo a disputar una final m\u00e1s en esta categor\u00eda.<\/p>\n\n\n\n<p>El compromiso definitivo se llev\u00f3 a cabo en el <strong>Estadio Palogrande de la ciudad de Manizales<\/strong>, los atlanticenses se midieron ante la Selecci\u00f3n de Valle; en un compromiso lleno de emociones y derroche de talento por parte de ambos equipos. Al sonar el pitazo final, <strong>Atl\u00e1ntico se consagr\u00f3 Subcampe\u00f3n <\/strong>del Torneo Nacional Sub 19, organizado por Difutbol.<\/p>\n\n\n\n<p>La Liga de F\u00fatbol del Atl\u00e1ntico, su comit\u00e9 ejecutivo y presidente Francisco S\u00e1nchez, felicita a toda la delegaci\u00f3n por este logro alcanzado, asi mismo, desea \u00e9xitos a cada entrenador y jugador en la continuidad de su proyecto deportivo, una vez finalizada esta competencia <strong>\u00a1TODOS SOMOS ATL\u00c1NTICO!<\/strong> <\/p>\n","protected":false},"excerpt":{"rendered":"<p>\u00a1Orgullo de nuestro departamento! Para el Atl\u00e1ntico, es una gran felicidad seguir luchando finales en Colombia, debido a que se reconoce todo el esfuerzo y entrega que requiere superar cada una de las fases en las que se dividen las competencias en sus diferentes categor\u00edas. Esta vez, el turno fue para nuestra Selecci\u00f3n Sub 19, [&hellip;]<\/p>\n","protected":false},"author":4,"featured_media":1413,"comment_status":"open","ping_status":"open","sticky":false,"template":"","format":"standard","meta":{"footnotes":""},"categories":[23],"tags":[],"class_list":["post-1412","post","type-post","status-publish","format-standard","has-post-thumbnail","hentry","category-noticias"],"_links":{"self":[{"href":"https:\/\/ligadefutboldelatlantico.com\/index.php\/wp-json\/wp\/v2\/posts\/1412","targetHints":{"allow":["GET"]}}],"collection":[{"href":"https:\/\/ligadefutboldelatlantico.com\/index.php\/wp-json\/wp\/v2\/posts"}],"about":[{"href":"https:\/\/ligadefutboldelatlantico.com\/index.php\/wp-json\/wp\/v2\/types\/post"}],"author":[{"embeddable":true,"href":"https:\/\/ligadefutboldelatlantico.com\/index.php\/wp-json\/wp\/v2\/users\/4"}],"replies":[{"embeddable":true,"href":"https:\/\/ligadefutboldelatlantico.com\/index.php\/wp-json\/wp\/v2\/comments?post=1412"}],"version-history":[{"count":1,"href":"https:\/\/ligadefutboldelatlantico.com\/index.php\/wp-json\/wp\/v2\/posts\/1412\/revisions"}],"predecessor-version":[{"id":1414,"href":"https:\/\/ligadefutboldelatlantico.com\/index.php\/wp-json\/wp\/v2\/posts\/1412\/revisions\/1414"}],"wp:featuredmedia":[{"embeddable":true,"href":"https:\/\/ligadefutboldelatlantico.com\/index.php\/wp-json\/wp\/v2\/media\/1413"}],"wp:attachment":[{"href":"https:\/\/ligadefutboldelatlantico.com\/index.php\/wp-json\/wp\/v2\/media?parent=1412"}],"wp:term":[{"taxonomy":"category","embeddable":true,"href":"https:\/\/ligadefutboldelatlantico.com\/index.php\/wp-json\/wp\/v2\/categories?post=1412"},{"taxonomy":"post_tag","embeddable":true,"href":"https:\/\/ligadefutboldelatlantico.com\/index.php\/wp-json\/wp\/v2\/tags?post=1412"}],"curies":[{"name":"wp","href":"https:\/\/api.w.org\/{rel}","templated":true}]}}