{"id":1434,"date":"2024-07-04T10:58:18","date_gmt":"2024-07-04T15:58:18","guid":{"rendered":"https:\/?p=1434"},"modified":"2024-07-04T11:01:13","modified_gmt":"2024-07-04T16:01:13","slug":"seleccion-atlantico-sub-23-inicia-trabajos-de-preparacion","status":"publish","type":"post","link":"https:\/\/ligadefutboldelatlantico.com\/index.php\/2024\/07\/04\/seleccion-atlantico-sub-23-inicia-trabajos-de-preparacion\/","title":{"rendered":"Selecci\u00f3n Atl\u00e1ntico Sub 23 inicia trabajos de preparaci\u00f3n"},"content":{"rendered":"\n<p>La Liga de F\u00fatbol del Atl\u00e1ntico y su Comit\u00e9 Ejecutivo, anunciaron el Cuerpo T\u00e9cnico que estar\u00e1n dirigiendo la Selecci\u00f3n Atl\u00e1ntico Sub 23 para iniciar su participaci\u00f3n del <strong>Torneo Nacional 2024<\/strong>. A trav\u00e9s de la <strong>Resoluci\u00f3n<\/strong> <strong>N\u00b019<\/strong>, publicada el pasado <strong>07 de Junio del 2024<\/strong>, se anuncio la convocatoria abierta que se realizar\u00e1 en la ciudad de <strong>Barranquilla.<\/strong><\/p>\n\n\n\n<p>Williams Fiorillo, ser\u00e1 el Director T\u00e9cnico, en la asistencia lo estar\u00e1 acompa\u00f1ando Ever Bol\u00edvar y Hugo Mesino desde la preparaci\u00f3n f\u00edsica estar\u00e1 abordando esta convocatoria; que tendr\u00e1 un tiempo estimado, de 2 meses, en el trabajo que se realizar\u00e1 previa a la competencia. <\/p>\n\n\n\n<p> Una vez anunciada la convocatoria, la Liga de F\u00fatbol del Atl\u00e1ntico se encuentra a la espera del anuncio oficial de <strong>Difutbol<\/strong>, en que se entregar\u00e1 el fixture oficial de la competencia, con <strong>fechas y sede<\/strong> de lo que ser\u00e1 la <strong>fase inicial<\/strong>. <\/p>\n\n\n\n<figure class=\"wp-block-image size-large\"><img fetchpriority=\"high\" decoding=\"async\" width=\"1024\" height=\"681\" src=\"\/\/\/wp-content\/uploads\/2024\/07\/WhatsApp-Image-2024-07-04-at-9.45.29-AM-1024x681.jpeg\" alt=\"\" class=\"wp-image-1439\" srcset=\"https:\/\/ligadefutboldelatlantico.com\/wp-content\/uploads\/2024\/07\/WhatsApp-Image-2024-07-04-at-9.45.29-AM-1024x681.jpeg 1024w, https:\/\/ligadefutboldelatlantico.com\/wp-content\/uploads\/2024\/07\/WhatsApp-Image-2024-07-04-at-9.45.29-AM-300x199.jpeg 300w, https:\/\/ligadefutboldelatlantico.com\/wp-content\/uploads\/2024\/07\/WhatsApp-Image-2024-07-04-at-9.45.29-AM-768x511.jpeg 768w, https:\/\/ligadefutboldelatlantico.com\/wp-content\/uploads\/2024\/07\/WhatsApp-Image-2024-07-04-at-9.45.29-AM-600x399.jpeg 600w, https:\/\/ligadefutboldelatlantico.com\/wp-content\/uploads\/2024\/07\/WhatsApp-Image-2024-07-04-at-9.45.29-AM.jpeg 1280w\" sizes=\"(max-width: 1024px) 100vw, 1024px\" \/><\/figure>\n","protected":false},"excerpt":{"rendered":"<p>La Liga de F\u00fatbol del Atl\u00e1ntico y su Comit\u00e9 Ejecutivo, anunciaron el Cuerpo T\u00e9cnico que estar\u00e1n dirigiendo la Selecci\u00f3n Atl\u00e1ntico Sub 23 para iniciar su participaci\u00f3n del Torneo Nacional 2024. A trav\u00e9s de la Resoluci\u00f3n N\u00b019, publicada el pasado 07 de Junio del 2024, se anuncio la convocatoria abierta que se realizar\u00e1 en la ciudad [&hellip;]<\/p>\n","protected":false},"author":4,"featured_media":1435,"comment_status":"open","ping_status":"open","sticky":false,"template":"","format":"standard","meta":{"footnotes":""},"categories":[23],"tags":[],"class_list":["post-1434","post","type-post","status-publish","format-standard","has-post-thumbnail","hentry","category-noticias"],"_links":{"self":[{"href":"https:\/\/ligadefutboldelatlantico.com\/index.php\/wp-json\/wp\/v2\/posts\/1434","targetHints":{"allow":["GET"]}}],"collection":[{"href":"https:\/\/ligadefutboldelatlantico.com\/index.php\/wp-json\/wp\/v2\/posts"}],"about":[{"href":"https:\/\/ligadefutboldelatlantico.com\/index.php\/wp-json\/wp\/v2\/types\/post"}],"author":[{"embeddable":true,"href":"https:\/\/ligadefutboldelatlantico.com\/index.php\/wp-json\/wp\/v2\/users\/4"}],"replies":[{"embeddable":true,"href":"https:\/\/ligadefutboldelatlantico.com\/index.php\/wp-json\/wp\/v2\/comments?post=1434"}],"version-history":[{"count":2,"href":"https:\/\/ligadefutboldelatlantico.com\/index.php\/wp-json\/wp\/v2\/posts\/1434\/revisions"}],"predecessor-version":[{"id":1440,"href":"https:\/\/ligadefutboldelatlantico.com\/index.php\/wp-json\/wp\/v2\/posts\/1434\/revisions\/1440"}],"wp:featuredmedia":[{"embeddable":true,"href":"https:\/\/ligadefutboldelatlantico.com\/index.php\/wp-json\/wp\/v2\/media\/1435"}],"wp:attachment":[{"href":"https:\/\/ligadefutboldelatlantico.com\/index.php\/wp-json\/wp\/v2\/media?parent=1434"}],"wp:term":[{"taxonomy":"category","embeddable":true,"href":"https:\/\/ligadefutboldelatlantico.com\/index.php\/wp-json\/wp\/v2\/categories?post=1434"},{"taxonomy":"post_tag","embeddable":true,"href":"https:\/\/ligadefutboldelatlantico.com\/index.php\/wp-json\/wp\/v2\/tags?post=1434"}],"curies":[{"name":"wp","href":"https:\/\/api.w.org\/{rel}","templated":true}]}}