{"id":1559,"date":"2024-07-12T11:56:56","date_gmt":"2024-07-12T16:56:56","guid":{"rendered":"https:\/?p=1559"},"modified":"2024-07-12T13:36:32","modified_gmt":"2024-07-12T18:36:32","slug":"convocado-samuel-prada-recibe-llamado-a-seleccion-colombia-de-futsal","status":"publish","type":"post","link":"https:\/\/ligadefutboldelatlantico.com\/index.php\/2024\/07\/12\/convocado-samuel-prada-recibe-llamado-a-seleccion-colombia-de-futsal\/","title":{"rendered":"\u00a1Convocado! Samuel Prada recibe llamado a Selecci\u00f3n Colombia de Futsal"},"content":{"rendered":"\n<p>\u00a1Orgullo atlanticense! Que lindo es ver a nuestros talentos escalar y dar grandes pasos en el camino que los conduce alcanzar sus sue\u00f1os. Hoy, nos sentimos felices y extendemos las felicitaciones al jugador <strong>Samuel Prada<\/strong>, del club <strong>Sport Boys<\/strong>, quien recibi\u00f3 el llamada al primer microciclo de <strong>Selecci\u00f3n Colombia de Futsal.<\/strong><\/p>\n\n\n\n<p>El director t\u00e9cnico del combinado nacional, <strong>en la categor\u00eda Sub 17<\/strong>, <strong>Roberto Bruno<\/strong>; quien tambi\u00e9n representa nuestro departamento y nos llena de orgullo, dio a conocer el listado de <strong>16 jugadores<\/strong> que har\u00e1n parte del primer micro ciclo de trabajo, con miras a su participaci\u00f3n en el <strong>Sudamericano Conmebol de Futsal del 2024.<\/strong><\/p>\n\n\n\n<p>Santiago Prada Moreno, con experiencia de Selecci\u00f3n Atl\u00e1ntico, ser\u00e1 parte de este primer proceso, el cu\u00e1l se llevar\u00e1 a cabo en la ciudad de Barranquilla; iniciar\u00e1 el 16 de julio y finalizar\u00e1 el 28 del mismo mes. <\/p>\n\n\n\n<p>Con mucha alegr\u00eda, deseamos \u00e9xitos de <strong>buen f\u00fatbol<\/strong> a nuestro talentoso jugador, en este experiencia y aprendizaje que est\u00e1 por iniciar, asi mismo, deseamos \u00e9xitos a nuestro entrenador en este proceso al mando de la <strong>Selecci\u00f3n Colombia<\/strong>. <\/p>\n","protected":false},"excerpt":{"rendered":"<p>\u00a1Orgullo atlanticense! Que lindo es ver a nuestros talentos escalar y dar grandes pasos en el camino que los conduce alcanzar sus sue\u00f1os. Hoy, nos sentimos felices y extendemos las felicitaciones al jugador Samuel Prada, del club Sport Boys, quien recibi\u00f3 el llamada al primer microciclo de Selecci\u00f3n Colombia de Futsal. El director t\u00e9cnico del [&hellip;]<\/p>\n","protected":false},"author":4,"featured_media":1560,"comment_status":"open","ping_status":"open","sticky":false,"template":"","format":"standard","meta":{"footnotes":""},"categories":[1],"tags":[],"class_list":["post-1559","post","type-post","status-publish","format-standard","has-post-thumbnail","hentry","category-blog"],"_links":{"self":[{"href":"https:\/\/ligadefutboldelatlantico.com\/index.php\/wp-json\/wp\/v2\/posts\/1559","targetHints":{"allow":["GET"]}}],"collection":[{"href":"https:\/\/ligadefutboldelatlantico.com\/index.php\/wp-json\/wp\/v2\/posts"}],"about":[{"href":"https:\/\/ligadefutboldelatlantico.com\/index.php\/wp-json\/wp\/v2\/types\/post"}],"author":[{"embeddable":true,"href":"https:\/\/ligadefutboldelatlantico.com\/index.php\/wp-json\/wp\/v2\/users\/4"}],"replies":[{"embeddable":true,"href":"https:\/\/ligadefutboldelatlantico.com\/index.php\/wp-json\/wp\/v2\/comments?post=1559"}],"version-history":[{"count":3,"href":"https:\/\/ligadefutboldelatlantico.com\/index.php\/wp-json\/wp\/v2\/posts\/1559\/revisions"}],"predecessor-version":[{"id":1565,"href":"https:\/\/ligadefutboldelatlantico.com\/index.php\/wp-json\/wp\/v2\/posts\/1559\/revisions\/1565"}],"wp:featuredmedia":[{"embeddable":true,"href":"https:\/\/ligadefutboldelatlantico.com\/index.php\/wp-json\/wp\/v2\/media\/1560"}],"wp:attachment":[{"href":"https:\/\/ligadefutboldelatlantico.com\/index.php\/wp-json\/wp\/v2\/media?parent=1559"}],"wp:term":[{"taxonomy":"category","embeddable":true,"href":"https:\/\/ligadefutboldelatlantico.com\/index.php\/wp-json\/wp\/v2\/categories?post=1559"},{"taxonomy":"post_tag","embeddable":true,"href":"https:\/\/ligadefutboldelatlantico.com\/index.php\/wp-json\/wp\/v2\/tags?post=1559"}],"curies":[{"name":"wp","href":"https:\/\/api.w.org\/{rel}","templated":true}]}}