{"id":3705,"date":"2026-03-10T11:48:30","date_gmt":"2026-03-10T16:48:30","guid":{"rendered":"https:\/\/ligadefutboldelatlantico.com\/?p=3705"},"modified":"2026-03-10T11:48:32","modified_gmt":"2026-03-10T16:48:32","slug":"atlantico-sub-15-debuta-con-contundente-victoria-5-1-ante-la-guajira-en-el-zonal-clasificatorio","status":"publish","type":"post","link":"https:\/\/ligadefutboldelatlantico.com\/index.php\/2026\/03\/10\/atlantico-sub-15-debuta-con-contundente-victoria-5-1-ante-la-guajira-en-el-zonal-clasificatorio\/","title":{"rendered":"Atl\u00e1ntico Sub-15 debuta con contundente victoria 5-1 ante La Guajira en el zonal clasificatorio"},"content":{"rendered":"\n<p>La&nbsp;<strong>Selecci\u00f3n Atl\u00e1ntico Sub-15<\/strong>&nbsp;inici\u00f3 de manera brillante su participaci\u00f3n en el&nbsp;<strong>zonal clasificatorio<\/strong>, tras imponerse con un contundente&nbsp;<strong>5-1 frente a la Selecci\u00f3n de La Guajira<\/strong>, en un encuentro donde el talento y la intensidad del conjunto atlanticense fueron protagonistas.<\/p>\n\n\n\n<p>Desde los primeros minutos, el equipo mostr\u00f3 una propuesta ofensiva clara, dominando la posesi\u00f3n del bal\u00f3n y generando constantes opciones de gol que terminaron reflej\u00e1ndose en el marcador.<\/p>\n\n\n\n<p>La gran figura del compromiso fue&nbsp;<strong>Leyner Oyola<\/strong>, quien marc\u00f3 en dos oportunidades. El marcador tambi\u00e9n cont\u00f3 con los goles de&nbsp;<strong>Andr\u00e9s Camargo<\/strong>,&nbsp;<strong>Mauricio Ca\u00f1avera<\/strong>&nbsp;y&nbsp;<strong>El\u00edas Moreno<\/strong>, quienes aportaron una anotaci\u00f3n cada uno para sellar el triunfo del conjunto atlanticense.<\/p>\n\n\n\n<p>Con este resultado, Atl\u00e1ntico comienza con paso firme su camino en el zonal, dejando ver el trabajo, la preparaci\u00f3n y el talento de los j\u00f3venes futbolistas que representan con orgullo al departamento en esta competencia.<\/p>\n\n\n\n<p>La&nbsp;<strong>Liga de F\u00fatbol del Atl\u00e1ntico<\/strong>&nbsp;contin\u00faa fortaleciendo sus procesos formativos y competitivos, apost\u00e1ndole al desarrollo del talento juvenil que proyecta el futuro del f\u00fatbol del departamento.<\/p>\n\n\n\n<figure class=\"wp-block-gallery has-nested-images columns-default is-cropped wp-block-gallery-1 is-layout-flex wp-block-gallery-is-layout-flex\">\n<figure class=\"wp-block-image size-large\"><img fetchpriority=\"high\" decoding=\"async\" width=\"819\" height=\"1024\" data-id=\"3706\" src=\"https:\/\/ligadefutboldelatlantico.com\/wp-content\/uploads\/2026\/03\/IMG_0198-819x1024.jpeg\" alt=\"\" class=\"wp-image-3706\" srcset=\"https:\/\/ligadefutboldelatlantico.com\/wp-content\/uploads\/2026\/03\/IMG_0198-819x1024.jpeg 819w, https:\/\/ligadefutboldelatlantico.com\/wp-content\/uploads\/2026\/03\/IMG_0198-240x300.jpeg 240w, https:\/\/ligadefutboldelatlantico.com\/wp-content\/uploads\/2026\/03\/IMG_0198-768x960.jpeg 768w, https:\/\/ligadefutboldelatlantico.com\/wp-content\/uploads\/2026\/03\/IMG_0198-1229x1536.jpeg 1229w, https:\/\/ligadefutboldelatlantico.com\/wp-content\/uploads\/2026\/03\/IMG_0198-1638x2048.jpeg 1638w, https:\/\/ligadefutboldelatlantico.com\/wp-content\/uploads\/2026\/03\/IMG_0198-600x750.jpeg 600w, https:\/\/ligadefutboldelatlantico.com\/wp-content\/uploads\/2026\/03\/IMG_0198-scaled.jpeg 2048w\" sizes=\"(max-width: 819px) 100vw, 819px\" \/><\/figure>\n<\/figure>\n\n\n\n<p><\/p>\n","protected":false},"excerpt":{"rendered":"<p>La&nbsp;Selecci\u00f3n Atl\u00e1ntico Sub-15&nbsp;inici\u00f3 de manera brillante su participaci\u00f3n en el&nbsp;zonal clasificatorio, tras imponerse con un contundente&nbsp;5-1 frente a la Selecci\u00f3n de La Guajira, en un encuentro donde el talento y la intensidad del conjunto atlanticense fueron protagonistas. Desde los primeros minutos, el equipo mostr\u00f3 una propuesta ofensiva clara, dominando la posesi\u00f3n del bal\u00f3n y generando [&hellip;]<\/p>\n","protected":false},"author":5,"featured_media":0,"comment_status":"open","ping_status":"open","sticky":false,"template":"","format":"standard","meta":{"footnotes":""},"categories":[1,23],"tags":[],"class_list":["post-3705","post","type-post","status-publish","format-standard","hentry","category-blog","category-noticias"],"_links":{"self":[{"href":"https:\/\/ligadefutboldelatlantico.com\/index.php\/wp-json\/wp\/v2\/posts\/3705","targetHints":{"allow":["GET"]}}],"collection":[{"href":"https:\/\/ligadefutboldelatlantico.com\/index.php\/wp-json\/wp\/v2\/posts"}],"about":[{"href":"https:\/\/ligadefutboldelatlantico.com\/index.php\/wp-json\/wp\/v2\/types\/post"}],"author":[{"embeddable":true,"href":"https:\/\/ligadefutboldelatlantico.com\/index.php\/wp-json\/wp\/v2\/users\/5"}],"replies":[{"embeddable":true,"href":"https:\/\/ligadefutboldelatlantico.com\/index.php\/wp-json\/wp\/v2\/comments?post=3705"}],"version-history":[{"count":2,"href":"https:\/\/ligadefutboldelatlantico.com\/index.php\/wp-json\/wp\/v2\/posts\/3705\/revisions"}],"predecessor-version":[{"id":3712,"href":"https:\/\/ligadefutboldelatlantico.com\/index.php\/wp-json\/wp\/v2\/posts\/3705\/revisions\/3712"}],"wp:attachment":[{"href":"https:\/\/ligadefutboldelatlantico.com\/index.php\/wp-json\/wp\/v2\/media?parent=3705"}],"wp:term":[{"taxonomy":"category","embeddable":true,"href":"https:\/\/ligadefutboldelatlantico.com\/index.php\/wp-json\/wp\/v2\/categories?post=3705"},{"taxonomy":"post_tag","embeddable":true,"href":"https:\/\/ligadefutboldelatlantico.com\/index.php\/wp-json\/wp\/v2\/tags?post=3705"}],"curies":[{"name":"wp","href":"https:\/\/api.w.org\/{rel}","templated":true}]}}